[{"@context":"https:\/\/schema.org\/","@type":"Article","@id":"https:\/\/www.cihalik.cz\/valecni-mnisi-v-ruznych-kulturach\/#Article","mainEntityOfPage":"https:\/\/www.cihalik.cz\/valecni-mnisi-v-ruznych-kulturach\/","headline":"V\u00e1le\u010dn\u00ed mni\u0161i v r\u016fzn\u00fdch kultur\u00e1ch","name":"V\u00e1le\u010dn\u00ed mni\u0161i v r\u016fzn\u00fdch kultur\u00e1ch","description":"Co si m\u00e1 \u010dlov\u011bk p\u0159edstavit pod pojmem \u201ev\u00e1le\u010dn\u00fd mnich\u201c? Je to velmi jednoduch\u00e9. To je mnich, kter\u00fd se nijak neboj\u00ed vz\u00edt n\u011bjakou palici \u010di me\u010d do ruky a j\u00edt n\u011bkoho po\u0159\u00e1dn\u011b s\u00a0danou zbran\u00ed pra\u0161tit. V\u00e1le\u010dn\u00ed mni\u0161i se v\u00a0n\u011bjak\u00e9 f\u00e1zi v\u00fdvoje spole\u010dnosti objevili snad ve v\u0161ech zem\u00edch a sv\u011btad\u00edlech. V\u017edycky se","datePublished":"2020-09-27","dateModified":"2023-05-02","author":{"@type":"Person","@id":"https:\/\/www.cihalik.cz\/author\/#Person","name":"","url":"https:\/\/www.cihalik.cz\/author\/","identifier":1,"image":{"@type":"ImageObject","@id":"https:\/\/secure.gravatar.com\/avatar\/82449f5dd313bdc88befc1a2d3138ce45c5e7d5eeee84221e3cf7fbc184b80d3?s=96&d=mm&r=g","url":"https:\/\/secure.gravatar.com\/avatar\/82449f5dd313bdc88befc1a2d3138ce45c5e7d5eeee84221e3cf7fbc184b80d3?s=96&d=mm&r=g","height":96,"width":96}},"publisher":{"@type":"Organization","name":"cihalik.cz","logo":{"@type":"ImageObject","@id":"\/logo.png","url":"\/logo.png","width":600,"height":60}},"image":{"@type":"ImageObject","@id":"https:\/\/www.cihalik.cz\/wp-content\/uploads\/img_a328677_w2057_t1540833621.png","url":"https:\/\/www.cihalik.cz\/wp-content\/uploads\/img_a328677_w2057_t1540833621.png","height":0,"width":0},"url":"https:\/\/www.cihalik.cz\/valecni-mnisi-v-ruznych-kulturach\/","about":["Z\u00e1bava"],"wordCount":550,"articleBody":"\tCo si m\u00e1 \u010dlov\u011bk p\u0159edstavit pod pojmem \u201ev\u00e1le\u010dn\u00fd mnich\u201c? Je to velmi jednoduch\u00e9. To je mnich, kter\u00fd se nijak neboj\u00ed vz\u00edt n\u011bjakou palici \u010di me\u010d do ruky a j\u00edt n\u011bkoho po\u0159\u00e1dn\u011b s\u00a0danou zbran\u00ed pra\u0161tit. V\u00e1le\u010dn\u00ed mni\u0161i se v\u00a0n\u011bjak\u00e9 f\u00e1zi v\u00fdvoje spole\u010dnosti objevili snad ve v\u0161ech zem\u00edch a sv\u011btad\u00edlech. V\u017edycky se jednalo o etapu militarizovanou a n\u011bkter\u00e9 z\u00a0t\u011bchto \u0159\u00e1d\u016f p\u0159etrvaly, ale valn\u00e1 v\u011bt\u0161ina se tak n\u011bjak odebrala do d\u011bjin a knih.\t\tShaolinNen\u00ed lep\u0161\u00ed uk\u00e1zky \u0159\u00e1du, kter\u00fd doposud p\u0159etrval, ne\u017e Shaolin. V\u00e1le\u010dn\u00ed mni\u0161i v\u00a0ikonick\u00fdch oran\u017eov\u00fdch h\u00e1bitech ji\u017e v\u00edce ne\u017e 600 let cvi\u010d\u00ed kung-fu a participuj\u00ed v\u00a0\u0159ad\u011b d\u011bjinn\u00fdch ud\u00e1lost\u00ed \u010c\u00edny. \u0158\u00e1d, kter\u00fd vznikl na buddhistick\u00e9m konceptu ochrany v\u00edry, tedy \u017ee \u201ev\u011b\u0159\u00edc\u00ed by se m\u011bli um\u011bt br\u00e1nit\u201c, v\u00a0dob\u00e1ch, kdy buddhismus nebyl je\u0161t\u011b tak dob\u0159e p\u0159ij\u00edm\u00e1n a mni\u0161i se tak museli br\u00e1nit sami.\u00a0\tRyt\u00ed\u0159i z\u00a0JanovaVelk\u00e9 pozdvi\u017een\u00ed ve st\u0159edov\u011bk\u00e9 spole\u010dnosti zp\u016fsobili k\u0159es\u0165an\u0161t\u00ed Janov\u0161t\u00ed ryt\u00ed\u0159i, v\u00e1le\u010dn\u00ed mni\u0161i, kte\u0159\u00ed se spolu s\u00a0ostatn\u00edmi \u0159\u00e1dy a vl\u00e1dci evropsk\u00fdch zem\u00ed \u00fa\u010dastnili k\u0159\u00ed\u017eov\u00fdch v\u00fdprav a posl\u00e9ze se pod\u00edleli na ochran\u011b pocestn\u00fdch do svat\u00e9 zem\u011b. Janov\u0161t\u00ed ryt\u00ed\u0159i, b\u00edl\u00e9 k\u0159\u00ed\u017ee na \u010dern\u00e9m poli, vznikli je\u0161t\u011b p\u0159ed k\u0159\u00ed\u017eov\u00fdmi v\u00fdpravami, ale skute\u010dn\u011b militaristick\u00fdm mni\u0161sk\u00fdm \u0159\u00e1dem se stali a\u017e pr\u00e1v\u011b p\u0159i prvn\u00ed k\u0159\u00ed\u017eov\u00e9 v\u00fdprav\u011b. \u0158ada evropsk\u00e9 nobility nebyla v\u016fbec pot\u011b\u0161ena z\u00a0toho, \u017ee j\u00ed po zemi cv\u00e1laj\u00ed ozbrojen\u00ed mni\u0161i, kte\u0159\u00ed nejsou v\u00e1zan\u00ed ni\u010d\u00edm jin\u00fdm ne\u017e pape\u017eem, ale \u010dasem, jak se uk\u00e1zalo, se tyto \u0159\u00e1dy bojovn\u00fdch mnich\u016f tak n\u011bjak zahubily samy nebo se rozpustily, proto\u017ee jich ji\u017e nebylo pot\u0159eba.\u00a0\t\u00c1resovi v\u011b\u0159\u00edc\u00edV\u00a0n\u011bkter\u00fdch \u0159eck\u00fdch polis existovaly chr\u00e1my zasv\u011bcen\u00e9 bohu v\u00e1lky, \u00c1resovi, a jak ji\u017e n\u00e1zev a role boha napov\u00edd\u00e1, i jeho kn\u011b\u017e\u00ed nebyli nijak znechuceni v\u00e1lkou, ba se j\u00ed i sami \u00fa\u010dastnili. Bohu\u017eel o \u0159eck\u00e9 spole\u010dnosti toho v\u00edme o dost m\u00e9n\u011b, nebo\u0165 \u0159adu svazk\u016f a velk\u00e1 \u010d\u00e1st historie sho\u0159ela spolu s\u00a0Alexandrijskou knihovnou, kterou zap\u00e1lili ran\u00ed k\u0159es\u0165an\u00e9.\u00a0\tS\u00f3heiMni\u0161sk\u00e9 buddhistick\u00e9 \u0159\u00e1dy, kter\u00e9 se pokou\u0161ely naprosto ovl\u00e1dnout a st\u00e1t se mistry boje se zbran\u00ed existovaly tak\u00e9 v\u00a0militaristick\u00e9m Japonsku. Na ka\u017ed\u00e9 posv\u00e1tn\u00e9 ho\u0159e existovala tak\u00e9 buddhistick\u00e1 sekta mnich\u016f, kte\u0159\u00ed ji chr\u00e1nili zuby nehty. Nejpo\u010detn\u011bj\u0161\u00edmi bojovn\u00fdmi mnichy a z\u00e1rove\u0148 nejv\u011bt\u0161\u00ed hrozba pro sjednotitele Japonska Odu Nobunagu, jeho n\u00e1sledovn\u00edka Toyotomiho Hideyoshi a kone\u010dn\u00e9ho vl\u00e1dce a zakl\u00e1daj\u00edc\u00edho \u010dlena vl\u00e1dnouc\u00edho \u0161\u00f3gun\u00e1tu Tokugawa Ieyasu, byli ov\u0161em v\u00e1le\u010dn\u00ed mni\u0161i Ikko-Ikki z\u00a0buddhistick\u00e9 sekty \u201e\u010dist\u00e9 zem\u011b\u201c Jodo SHinshu, kte\u0159\u00ed m\u011bli v\u00a0pl\u00e1nu dokonce Japonsko ovl\u00e1dnout a nastolit n\u00e1bo\u017eenskou republiku v\u00a0roce 1585.                                                                                                                                                                                                                                                                                                                                                                                        4.5\/5 - (8 votes)        "},{"@context":"https:\/\/schema.org\/","@type":"BreadcrumbList","itemListElement":[{"@type":"ListItem","position":1,"name":"V\u00e1le\u010dn\u00ed mni\u0161i v r\u016fzn\u00fdch kultur\u00e1ch","item":"https:\/\/www.cihalik.cz\/valecni-mnisi-v-ruznych-kulturach\/#breadcrumbitem"}]}]