[{"@context":"https:\/\/schema.org\/","@type":"Article","@id":"https:\/\/www.cihalik.cz\/kdo-by-si-jich-nevsimnul-kdyz-jsou-tak-krasne-a-vesele\/#Article","mainEntityOfPage":"https:\/\/www.cihalik.cz\/kdo-by-si-jich-nevsimnul-kdyz-jsou-tak-krasne-a-vesele\/","headline":"Kdo by si jich nev\u0161imnul, kdy\u017e jsou tak kr\u00e1sn\u00e9 a vesel\u00e9","name":"Kdo by si jich nev\u0161imnul, kdy\u017e jsou tak kr\u00e1sn\u00e9 a vesel\u00e9","description":"Jsou na prvn\u00ed pohled zcela dokonal\u00e9. Maj\u00ed ladn\u00fd tvar, kter\u00fd jakoby jim d\u00e1val k\u0159\u00eddla, aby se mohli elegantn\u011b protahovat vzduchem \u010di t\u0159epetat ve v\u011btru. Jejich barvy jsou z\u00e1\u0159iv\u00e9 a nelze si jich nev\u0161imnout, a\u0165 u\u017e je \u010dlov\u011bk spat\u0159\u00ed kdekoliv a v jakoukoliv denn\u00ed hodinu. P\u0159\u00edmo se vyb\u00edzej\u00ed, jakoby kolem sebe","datePublished":"2024-11-30","dateModified":"2024-11-30","author":{"@type":"Person","@id":"https:\/\/www.cihalik.cz\/author\/#Person","name":"","url":"https:\/\/www.cihalik.cz\/author\/","identifier":1,"image":{"@type":"ImageObject","@id":"https:\/\/secure.gravatar.com\/avatar\/82449f5dd313bdc88befc1a2d3138ce45c5e7d5eeee84221e3cf7fbc184b80d3?s=96&d=mm&r=g","url":"https:\/\/secure.gravatar.com\/avatar\/82449f5dd313bdc88befc1a2d3138ce45c5e7d5eeee84221e3cf7fbc184b80d3?s=96&d=mm&r=g","height":96,"width":96}},"publisher":{"@type":"Organization","name":"cihalik.cz","logo":{"@type":"ImageObject","@id":"\/logo.png","url":"\/logo.png","width":600,"height":60}},"url":"https:\/\/www.cihalik.cz\/kdo-by-si-jich-nevsimnul-kdyz-jsou-tak-krasne-a-vesele\/","wordCount":193,"articleBody":"Jsou na prvn\u00ed pohled zcela dokonal\u00e9. Maj\u00ed ladn\u00fd tvar, kter\u00fd jakoby jim d\u00e1val k\u0159\u00eddla, aby se mohli elegantn\u011b protahovat vzduchem \u010di t\u0159epetat ve v\u011btru. Jejich barvy jsou z\u00e1\u0159iv\u00e9 a nelze si jich nev\u0161imnout, a\u0165 u\u017e je \u010dlov\u011bk spat\u0159\u00ed kdekoliv a v jakoukoliv denn\u00ed hodinu. P\u0159\u00edmo se vyb\u00edzej\u00ed, jakoby kolem sebe vyk\u0159ikovali \u201epod\u00edvej se na n\u00e1s, jak jsme n\u00e1dhern\u00e9!\u201c A co teprve informace, kter\u00e9 maj\u00ed na sob\u011b zaznamen\u00e1ny! Jak ty mohou b\u00fdt mnoha lidem u\u017eite\u010dn\u00e9. I vy m\u016f\u017eete pro zviditeln\u011bn\u00ed sv\u00e9 \u010dinnosti vyu\u017e\u00edt tyhle krasavice I va\u0161e firma m\u016f\u017ee pomoci sv\u00e9 prosperit\u011b t\u00edm, \u017ee sv\u00e9 logo \u010di jin\u00e9 n\u00e1le\u017eitosti um\u00edst\u00ed nejen na plochy sv\u00fdch v\u00fdkladn\u00edch sk\u0159\u00edn\u00ed, polepy automobil\u016f \u010di jin\u00e9, dnes b\u011b\u017en\u011b pou\u017e\u00edvan\u00e9 plochy k propagaci. Vybaveni na\u0161imi reklamn\u00edmi vlajkami, se dostanete zase o kousek d\u00e1le, ne\u017e je va\u0161e konkurence. Budete se moci hrd\u011b d\u00edvat, jak se v\u00fdsostn\u00e9 znaky va\u0161\u00ed firmy \u010di spole\u010dnosti na vlajk\u00e1ch vyroben\u00fdch u n\u00e1s vyj\u00edmaj\u00ed.                                                                                                                                                                                                                                                                                                                                                                                        4\/5 - (4 votes)        "},{"@context":"https:\/\/schema.org\/","@type":"BreadcrumbList","itemListElement":[{"@type":"ListItem","position":1,"name":"Kdo by si jich nev\u0161imnul, kdy\u017e jsou tak kr\u00e1sn\u00e9 a vesel\u00e9","item":"https:\/\/www.cihalik.cz\/kdo-by-si-jich-nevsimnul-kdyz-jsou-tak-krasne-a-vesele\/#breadcrumbitem"}]}]